{"id":24,"date":"2013-02-06T00:59:03","date_gmt":"2013-02-06T00:59:03","guid":{"rendered":"http:\/\/mastinbabia.babia.eu\/?p=24"},"modified":"2013-02-08T09:20:47","modified_gmt":"2013-02-08T09:20:47","slug":"pedro-en-television-de-castilla-y-leon","status":"publish","type":"post","link":"http:\/\/mastinbabia.babia.eu\/?p=24","title":{"rendered":"Pedro en Televisi\u00f3n de Castilla y Le\u00f3n"},"content":{"rendered":"<p><a href=\"http:\/\/babia.net\/wp-content\/uploads\/2013\/01\/378539_1.jpg\"><img decoding=\"async\" loading=\"lazy\" class=\"alignleft size-medium wp-image-1455\" alt=\"Pedro alvarez Barriada\" src=\"http:\/\/babia.net\/wp-content\/uploads\/2013\/01\/378539_1-180x300.jpg\" width=\"180\" height=\"300\" \/><\/a><strong>Pedro \u00c1lvarez Barriada<\/strong>, de Villargus\u00e1n ha sido protagonista del programa Origeniales, de Televisi\u00f3n de Castilla y Le\u00f3n. Pedro, el Presidente de la Asociaci\u00f3n de Criadores y Amigos del Mast\u00edn de Babia y socio de Monta\u00f1a de Babia y Luna sigue difundiendo los valores de nuestra monta\u00f1a en los medios de comunicaci\u00f3n y, lo que es m\u00e1s importante, poniendo en valor al mast\u00edn de Babia.<\/p>\n<p>Los mastines, como dice Pedro, vuelven a ser necesarios. Ahora hay m\u00e1s lobos que antes, tambi\u00e9n hay ganaderos que vuelven a dejar sus reses en la monta\u00f1a y no hay mejor guardi\u00e1n que un mast\u00edn. La historia se repite. Menos mal que algunos est\u00e1n defendiendo la pureza de esta raza tan querida por todos nosotros.<\/p>\n<p>Televisi\u00f3n de Castilla y Le\u00f3n se ha acercado a Babia de la mano \u00a0de Pedro, y de Monta\u00f1a de Babia, la perra campeona de Espa\u00f1a 2012 y Campeona de Le\u00f3n 2012. Tenemos que estar orgullosos de la perra y de su criador.<\/p>\n<p>No os perd\u00e1is en video de 10 minutos sobre los mastines de Babia, desde Villargus\u00e1n. \u00a1Enhorabuena y gracias, Pedro!<\/p>\n<p>El enlace de video en youtube:\u00a0<a title=\"Pedro Alvarez Barriada\" href=\"http:\/\/youtu.be\/jwf5px90D8A\">http:\/\/youtu.be\/jwf5px90D8A<\/a><br \/>\n<iframe loading=\"lazy\" src=\"http:\/\/www.youtube.com\/embed\/jwf5px90D8A?feature=player_detailpage\" height=\"360\" width=\"640\" allowfullscreen=\"\" frameborder=\"0\"><\/iframe><\/p>\n","protected":false},"excerpt":{"rendered":"<p>Pedro \u00c1lvarez Barriada, de Villargus\u00e1n ha sido protagonista del programa Origeniales, de Televisi\u00f3n de Castilla y Le\u00f3n. Pedro, el Presidente de la Asociaci\u00f3n de Criadores y Amigos del Mast\u00edn de Babia y socio de Monta\u00f1a de Babia y Luna sigue &hellip; <a href=\"http:\/\/mastinbabia.babia.eu\/?p=24\">Sigue leyendo <span class=\"meta-nav\">&rarr;<\/span><\/a><\/p>\n","protected":false},"author":1,"featured_media":0,"comment_status":"open","ping_status":"open","sticky":false,"template":"","format":"standard","meta":{"jetpack_post_was_ever_published":false},"categories":[3],"tags":[],"jetpack_featured_media_url":"","jetpack_shortlink":"https:\/\/wp.me\/p39wqk-o","jetpack_sharing_enabled":true,"jetpack_likes_enabled":true,"_links":{"self":[{"href":"http:\/\/mastinbabia.babia.eu\/index.php?rest_route=\/wp\/v2\/posts\/24"}],"collection":[{"href":"http:\/\/mastinbabia.babia.eu\/index.php?rest_route=\/wp\/v2\/posts"}],"about":[{"href":"http:\/\/mastinbabia.babia.eu\/index.php?rest_route=\/wp\/v2\/types\/post"}],"author":[{"embeddable":true,"href":"http:\/\/mastinbabia.babia.eu\/index.php?rest_route=\/wp\/v2\/users\/1"}],"replies":[{"embeddable":true,"href":"http:\/\/mastinbabia.babia.eu\/index.php?rest_route=%2Fwp%2Fv2%2Fcomments&post=24"}],"version-history":[{"count":2,"href":"http:\/\/mastinbabia.babia.eu\/index.php?rest_route=\/wp\/v2\/posts\/24\/revisions"}],"predecessor-version":[{"id":33,"href":"http:\/\/mastinbabia.babia.eu\/index.php?rest_route=\/wp\/v2\/posts\/24\/revisions\/33"}],"wp:attachment":[{"href":"http:\/\/mastinbabia.babia.eu\/index.php?rest_route=%2Fwp%2Fv2%2Fmedia&parent=24"}],"wp:term":[{"taxonomy":"category","embeddable":true,"href":"http:\/\/mastinbabia.babia.eu\/index.php?rest_route=%2Fwp%2Fv2%2Fcategories&post=24"},{"taxonomy":"post_tag","embeddable":true,"href":"http:\/\/mastinbabia.babia.eu\/index.php?rest_route=%2Fwp%2Fv2%2Ftags&post=24"}],"curies":[{"name":"wp","href":"https:\/\/api.w.org\/{rel}","templated":true}]}}